{"id":1232,"date":"2022-12-02T11:39:11","date_gmt":"2022-12-02T11:39:11","guid":{"rendered":"https:\/\/schach-in-nrw.de\/?p=1232"},"modified":"2022-12-12T11:27:30","modified_gmt":"2022-12-12T11:27:30","slug":"hintergruende-von-chessboxing-cologne","status":"publish","type":"post","link":"https:\/\/schach-in-nrw.de\/?p=1232","title":{"rendered":"HINTERGR\u00dcNDE VON CHESSBOXING COLOGNE"},"content":{"rendered":"\n<p><strong>Anf\u00e4ngen von Chessboxing Cologne<\/strong><\/p>\n\n\n\n<p>Im Sommer 2021 war der Lockdown nach Monaten aufgehoben und ich schaltete eine Online Anzeige auf der Suche nach Sparrings Partnern f\u00fcrs Boxen, da ich lieber drau\u00dfen im Park trainiere als im Studio. Es meldeten sich einige, der erste und konsequenteste war Jan Klobucnik und wir trainierten regelm\u00e4\u00dfig im K\u00f6lner Gr\u00fcng\u00fcrtel. Parallel antwortete ich auf eine Online Anfrage nach Schachspielern im Gr\u00fcng\u00fcrtel &#8211; so stand das Freizeitprogramm f\u00fcr den Sommer 2021 fest.<\/p>\n\n\n\n<p>Die Gruppen vernetzten sich und bald wurde nachmittags Schach gespielt und im Anschluss geboxt. Das es Schachboxen damals schon 18 Jahre gab, erfuhren wir zuf\u00e4llig online. Zuerst trainierten wir die zwei Disziplinen separat aber nach einigen Youtube Videos \u00fcbernahmen wir das bekannte Format.<\/p>\n\n\n\n<p>Aufgrund der Tatsache, dass Leute wie Jan und ich gerne und viel Reisen, machte die Truppe beim \u00dcbergang 2021\/22 eine Winterpause. Ab M\u00e4rz 22 ging es dann weiter und besonders die Schachtruppe wuchs auf \u00fcber 80 Mitglieder. Die damals 8 aktiven Schachboxer bereiten sich ab Juni, ob sie an der WCBO Weltmeisterschaft teilnehmen wollten. Wir suchten Kontakt zu Marc Meier, einem Schachboxer aus der Fight Lounge Dortmund, und trainierten 4 Monate auf dieses Event hin.<\/p>\n\n\n\n<p>Unter der Woche fand das Training im Park statt, sonntags immer im Ring in der Fight Lounge. Mit dem regnerischen Herbstwetter suchte ich nach einer Halle in K\u00f6ln und wir lernten Jens Beyer kennen, einen Globetrotter, Functional Trainer und ehemaligen Schachboxer, der unsere Ambitionen super fand. Ab sofort trainierten wir auch in seiner Halle noch Functionaltraining in der Probsteigasse in K\u00f6ln. Ein Training ist nach Buchung auf der Webseite oder \u00fcber den Urban Sports Club m\u00f6glich.<\/p>\n\n\n\n<p>Das Training findet dort dienstags nach wie vor statt, auch wenn die 20 aktiven Schachboxer im Dezember eher wieder Winterpause machen. Wir haben K\u00e4mpfer in den Klassen zwischen 50 und 100kg, darunter auch zwei Frauen. Des Weiteren hat sich Bundesliga Schachspieler Amir Rezazadeh bereit erkl\u00e4rt, unser Team in Sachen Schach auf das n\u00e4chste Level zu bringen.<\/p>\n\n\n\n<p>Wir hei\u00dfen interessierte Leute willkommen, wollen aber nicht in die Breite wachsen, sondern motivierte Schachboxer f\u00f6rdern, zu internationalen Turnieren einladen und eventuell mal ein Event in K\u00f6ln organisieren. Wir sind kein klassischer Verein, sondern ein lockerer Zusammenschluss von Vertretern des Trendsports Schachboxen.<\/p>\n\n\n\n<p>F\u00fcr das n\u00e4chste Jahr wollen wir im Sommer einige K\u00e4mpfer ins Trainingscamp von Schachbox-Legende Carl Struggnell nach Serbien senden, Ende Mai in Montpellier ein Team beim dort geplanten Turnier antreten lassen und eventuell wieder an der WCBO WM teilnehmen, die voraussichtlich in Italien stattfindet. Wir bleiben bei der Planung flexibel, damit der Spa\u00df weiterhin Priorit\u00e4t bleibt.<\/p>\n\n\n\n<p>Zusammengestellt von G\u00fcven Manay<\/p>\n\n\n\n<p><a href=\"https:\/\/podcasts.apple.com\/de\/podcast\/denno-probst-von-chessboxing-cologne-137\/id1484217375?i=1000587987510\">https:\/\/podcasts.apple.com\/de\/podcast\/denno-probst-von-chessboxing-cologne-137\/id1484217375?i=1000587987510<\/a><a href=\"https:\/\/www.schachgefluester.de\/chessboxing-cologne\/\">https:\/\/www.schachgefluester.de\/chessboxing-cologne\/<\/a><\/p>\n\n\n\n<p><a href=\"https:\/\/open.spotify.com\/episode\/0FZ7qSleFuVwWP1KWHZ4lH\">https:\/\/open.spotify.com\/episode\/0FZ7qSleFuVwWP1KWHZ4lH<\/a><\/p>\n\n\n\n<p>h<a href=\"https:\/\/music.amazon.de\/podcasts\/0511540f-8a08-4d59-b8b4-baf5fddcd0e8\/episodes\/ce478342-2cb8-4b75-8854-3d0fbf64c94c\/schachgefl%C3%BCster-denno-probst-von-chessboxing-cologne-137?ref=dm_sh_fcPqc7jasD3nS0HokKvIc34CL\">ttps:\/\/music.amazon.de\/podcasts\/0511540f-8a08-4d59-b8b4-baf5fddcd0e8\/episodes\/ce478342-2cb8-4b75-8854-3d0fbf64c94c\/schachgefl%C3%BCster-denno-probst-von-chessboxing-cologne-137?ref=dm_sh_fcPqc7jasD3nS0HokKvIc34CL<\/a><\/p>\n\n\n\n<p><a href=\"https:\/\/www.schachgefluester.de\/chessboxing-cologne\/\">https:\/\/www.schachgefluester.de\/chessboxing-cologne\/<\/a><\/p>\n","protected":false},"excerpt":{"rendered":"<p>Anf\u00e4ngen von Chessboxing Cologne Im Sommer 2021 war der Lockdown nach Monaten aufgehoben und ich schaltete eine Online Anzeige auf der Suche nach Sparrings Partnern f\u00fcrs Boxen, da ich lieber drau\u00dfen im Park trainiere als im Studio. Es meldeten sich einige, der erste und konsequenteste war Jan Klobucnik und wir trainierten regelm\u00e4\u00dfig im K\u00f6lner Gr\u00fcng\u00fcrtel. [&hellip;]<\/p>\n","protected":false},"author":1,"featured_media":0,"comment_status":"closed","ping_status":"0","sticky":false,"template":"","format":"standard","meta":{"footnotes":""},"categories":[9],"tags":[],"class_list":["post-1232","post","type-post","status-publish","format-standard","hentry","category-mitteilungen"],"_links":{"self":[{"href":"https:\/\/schach-in-nrw.de\/index.php?rest_route=\/wp\/v2\/posts\/1232","targetHints":{"allow":["GET"]}}],"collection":[{"href":"https:\/\/schach-in-nrw.de\/index.php?rest_route=\/wp\/v2\/posts"}],"about":[{"href":"https:\/\/schach-in-nrw.de\/index.php?rest_route=\/wp\/v2\/types\/post"}],"author":[{"embeddable":true,"href":"https:\/\/schach-in-nrw.de\/index.php?rest_route=\/wp\/v2\/users\/1"}],"replies":[{"embeddable":true,"href":"https:\/\/schach-in-nrw.de\/index.php?rest_route=%2Fwp%2Fv2%2Fcomments&post=1232"}],"version-history":[{"count":5,"href":"https:\/\/schach-in-nrw.de\/index.php?rest_route=\/wp\/v2\/posts\/1232\/revisions"}],"predecessor-version":[{"id":1258,"href":"https:\/\/schach-in-nrw.de\/index.php?rest_route=\/wp\/v2\/posts\/1232\/revisions\/1258"}],"wp:attachment":[{"href":"https:\/\/schach-in-nrw.de\/index.php?rest_route=%2Fwp%2Fv2%2Fmedia&parent=1232"}],"wp:term":[{"taxonomy":"category","embeddable":true,"href":"https:\/\/schach-in-nrw.de\/index.php?rest_route=%2Fwp%2Fv2%2Fcategories&post=1232"},{"taxonomy":"post_tag","embeddable":true,"href":"https:\/\/schach-in-nrw.de\/index.php?rest_route=%2Fwp%2Fv2%2Ftags&post=1232"}],"curies":[{"name":"wp","href":"https:\/\/api.w.org\/{rel}","templated":true}]}}