{"id":1410,"date":"2023-03-22T11:54:10","date_gmt":"2023-03-22T11:54:10","guid":{"rendered":"https:\/\/schach-in-nrw.de\/?p=1410"},"modified":"2023-03-22T11:55:14","modified_gmt":"2023-03-22T11:55:14","slug":"goldene-ehrennadel-fuer-verdiente-funktionaere","status":"publish","type":"post","link":"https:\/\/schach-in-nrw.de\/?p=1410","title":{"rendered":"GOLDENE EHRENNADEL F\u00dcR VERDIENTE FUNKTION\u00c4RE"},"content":{"rendered":"\n<figure class=\"wp-block-image size-full\"><img loading=\"lazy\" decoding=\"async\" width=\"640\" height=\"480\" src=\"https:\/\/schach-in-nrw.de\/wp-content\/uploads\/2023\/03\/Ehrung-2023.jpg\" alt=\"\" class=\"wp-image-1411\" srcset=\"https:\/\/schach-in-nrw.de\/wp-content\/uploads\/2023\/03\/Ehrung-2023.jpg 640w, https:\/\/schach-in-nrw.de\/wp-content\/uploads\/2023\/03\/Ehrung-2023-136x102.jpg 136w, https:\/\/schach-in-nrw.de\/wp-content\/uploads\/2023\/03\/Ehrung-2023-300x225.jpg 300w\" sizes=\"auto, (max-width: 640px) 100vw, 640px\" \/><figcaption class=\"wp-element-caption\">v.l.n.r. Ralf Chadt-Rausch, Daniel Mohr, Susanne van Kempen, Christian Goldschmidt, Thomas Sterz<\/figcaption><\/figure>\n\n\n\n<p><em>Frank Neumann<\/em> &#8211; Anl\u00e4sslich des Bundeskongresses ist es einmal j\u00e4hrlich ein wohltuendes Ereignis, verdiente Funktion\u00e4re f\u00fcr ihre zum Teil jahrzehntelange Arbeit in einem Schachverein oder Schachverband zu ehren. Diesmal gleich viermal hatte Pr\u00e4sident Ralf Chadt-Rausch die Ehrung nach entsprechenden Pr\u00e4sidiumsbeschl\u00fcssen zu vollziehen.<\/p>\n\n\n\n<p>Mit Susanne van Kempen, Christian Goldschmidt, Daniel Mohr und Thomas Sterz wurden nachweislich verdiente Pers\u00f6nlichkeiten geehrt. Auf allen Ebenen des Schachsports, also sowohl in den Vereinen als auch bei den Verb\u00e4nden haben sich die Genannten \u00fcber Jahre erfolgreich engagiert und bleiben dem Schachsport verbunden.<\/p>\n\n\n\n<p>\u201eWir ehren Sie heute im Namen aller Vereine im Schachbund NRW und w\u00fcnschen uns ausgehend von dieser Ehrung, dass Sie sich weiterhin f\u00fcr unseren Sport einsetzen\u201c, so Ralf Chadt-Rausch in seiner kurzen Ansprache. \u201eSie sind alle auf unterschiedliche Art und Weise ein Vorbild f\u00fcr das Ehrenamt\u201c.<\/p>\n","protected":false},"excerpt":{"rendered":"<p>Frank Neumann &#8211; Anl\u00e4sslich des Bundeskongresses ist es einmal j\u00e4hrlich ein wohltuendes Ereignis, verdiente Funktion\u00e4re f\u00fcr ihre zum Teil jahrzehntelange Arbeit in einem Schachverein oder Schachverband zu ehren. Diesmal gleich viermal hatte Pr\u00e4sident Ralf Chadt-Rausch die Ehrung nach entsprechenden Pr\u00e4sidiumsbeschl\u00fcssen zu vollziehen. Mit Susanne van Kempen, Christian Goldschmidt, Daniel Mohr und Thomas Sterz wurden nachweislich [&hellip;]<\/p>\n","protected":false},"author":1,"featured_media":0,"comment_status":"closed","ping_status":"0","sticky":false,"template":"","format":"standard","meta":{"footnotes":""},"categories":[9],"tags":[],"class_list":["post-1410","post","type-post","status-publish","format-standard","hentry","category-mitteilungen"],"_links":{"self":[{"href":"https:\/\/schach-in-nrw.de\/index.php?rest_route=\/wp\/v2\/posts\/1410","targetHints":{"allow":["GET"]}}],"collection":[{"href":"https:\/\/schach-in-nrw.de\/index.php?rest_route=\/wp\/v2\/posts"}],"about":[{"href":"https:\/\/schach-in-nrw.de\/index.php?rest_route=\/wp\/v2\/types\/post"}],"author":[{"embeddable":true,"href":"https:\/\/schach-in-nrw.de\/index.php?rest_route=\/wp\/v2\/users\/1"}],"replies":[{"embeddable":true,"href":"https:\/\/schach-in-nrw.de\/index.php?rest_route=%2Fwp%2Fv2%2Fcomments&post=1410"}],"version-history":[{"count":2,"href":"https:\/\/schach-in-nrw.de\/index.php?rest_route=\/wp\/v2\/posts\/1410\/revisions"}],"predecessor-version":[{"id":1413,"href":"https:\/\/schach-in-nrw.de\/index.php?rest_route=\/wp\/v2\/posts\/1410\/revisions\/1413"}],"wp:attachment":[{"href":"https:\/\/schach-in-nrw.de\/index.php?rest_route=%2Fwp%2Fv2%2Fmedia&parent=1410"}],"wp:term":[{"taxonomy":"category","embeddable":true,"href":"https:\/\/schach-in-nrw.de\/index.php?rest_route=%2Fwp%2Fv2%2Fcategories&post=1410"},{"taxonomy":"post_tag","embeddable":true,"href":"https:\/\/schach-in-nrw.de\/index.php?rest_route=%2Fwp%2Fv2%2Ftags&post=1410"}],"curies":[{"name":"wp","href":"https:\/\/api.w.org\/{rel}","templated":true}]}}