{"id":1745,"date":"2023-09-11T11:14:15","date_gmt":"2023-09-11T11:14:15","guid":{"rendered":"https:\/\/schach-in-nrw.de\/?p=1745"},"modified":"2023-09-12T08:53:22","modified_gmt":"2023-09-12T08:53:22","slug":"faszination-schach-solingen-schachtage-im-hofgarten-solingen-13-16-9-2023","status":"publish","type":"post","link":"https:\/\/schach-in-nrw.de\/?p=1745","title":{"rendered":"Faszination Schach \u2013 Solingen, Schachtage im HOFGARTEN Solingen, 13.-16.9.2023"},"content":{"rendered":"\n<figure class=\"wp-block-image size-full is-resized\"><img loading=\"lazy\" decoding=\"async\" src=\"https:\/\/schach-in-nrw.de\/wp-content\/uploads\/2023\/09\/IMG-20230831-WA00052_resized.jpg\" alt=\"\" class=\"wp-image-1747\" style=\"width:310px;height:306px\" width=\"310\" height=\"306\" srcset=\"https:\/\/schach-in-nrw.de\/wp-content\/uploads\/2023\/09\/IMG-20230831-WA00052_resized.jpg 512w, https:\/\/schach-in-nrw.de\/wp-content\/uploads\/2023\/09\/IMG-20230831-WA00052_resized-300x296.jpg 300w\" sizes=\"auto, (max-width: 310px) 100vw, 310px\" \/><\/figure>\n\n\n<p>Bereits \u00fcber<strong> 90.0<\/strong><strong>00 Kinder<\/strong> kamen, um die \u201e<strong>Faszination Schach<\/strong>\u201c von Gro\u00dfmeister Sebastian Siebrecht als Erlebnisschachprogramm zu rocken. Spiel, Spa\u00df und Begeisterung pur!<\/p>\n<p><strong>Oberb<\/strong><strong>\u00fcrgermeister Tim Kurzbach<\/strong> hat die Schirmherrschaft \u00fcbernommen. Die Stadtspitze wird durch <strong>B\u00fcrgermeister Thilo Schnor<\/strong> vertreten, der zusammen mit <strong>Centermanager Ralf Lindl<\/strong>, sowie den <strong>ersten Schulklassen<\/strong> den Er\u00f6ffnungszug am <strong>Mittwoch, den 13. September 2023 um 10.00 Uhr <\/strong>ausf\u00fchren wird.\u00a0\u00a0\u00a0\u00a0\u00a0\u00a0<\/p>\n<p><strong>T\u00e4glich<\/strong> wird von <strong>10.00 bis 20.00<\/strong> Uhr ein reichhaltiges Programm angeboten. Im Mittelpunkt des Events stehen Kinder und Jugendliche. Mehr als <strong>10 Kindergruppen und Schulklassen aus Solingen und Umgebung <\/strong>werden einen bunten Parcours im Erlebnisschach durchlaufen. Von 10.00 bis 15.00 Uhr wird das Einkaufszentrum in einen <strong>lebendigen Schachunterricht<\/strong> verwandelt. Nach der Einf\u00fchrung in das k\u00f6nigliche Spiel ist <strong>Showtime<\/strong> angesagt.<\/p>\n<p>T\u00e4glich von 15.00 bis 20.00 Uhr stehen Simultanschach mit <strong>Bundesligaspitzenspielerinnen und Nationalspielerinnen, Meistertrainern,<\/strong> sowie <strong>dem internationalen Gro\u00dfmeister und Deutschen Schachlehrer des Jahres Sebastian Siebrecht <\/strong>auf dem Programm<strong>. <\/strong><\/p>\n<p>Show-Wettk\u00e4mpfe wie \u201e<strong>Schlag den Gro\u00dfmeister<\/strong>\u201c im Handicap und-, und \u201e<strong>Konditionsblitz<\/strong>\u201c sorgen f\u00fcr Spa\u00df und Bewegung. Das mehrfach ausgezeichnete Lehrprogramm \u201e<strong>Fritz &amp; Fertig<\/strong>\u201c ist ebenfalls mit von der Partie. Weltklassepartien aus der Welt werden analysiert und \u201elive\u201c interaktiv ins Center geholt. Zudem gibt es auch in den <strong>Blitzturnieren<\/strong>, dem <strong>Universit\u00e4ts-Cup<\/strong> und den Qualifikationsturnieren zum <strong>HOFGARTEN-Cup<\/strong> zahlreiche Gewinne.<\/p>\n<p>Der <strong>Schachverband Nordrhein-Westfalen<\/strong>, der <strong>Schachbezirk Bergisch Land <\/strong>und die <strong>Schachgesellschaft<\/strong> <strong>Solingen<\/strong> pr\u00e4sentieren sich und stellen Trainingsangebote vor Ort vor.<\/p>\n<p>Das Finale wird mit dem <strong>gro\u00dfen Kinderschach-Cup<\/strong>, dem gro\u00dfen <strong>Simultan<\/strong>,\u00a0 \u00a0 \u00a0 \u00a0 \u00a0 \u00a0 \u00a0 \u00a0 \u00a0 \u00a0 \u00a0 \u00a0 \u00a0 \u00a0 \u00a0 \u00a0 \u00a0 \u00a0 \u00a0 \u00a0 \u00a0 \u00a0 sowie dem<strong> HOFGARTEN-Cup<\/strong> am Samstag, den 16.September 2023 ausgespielt.<\/p>\n<p>Die Initiative \u201e<strong>Faszination Schach<\/strong>\u201c wurde bereits mit dem <strong>Laskerkulturpreis<\/strong> und dem<strong> Deutschen Schachpreis <\/strong>ausgezeichnet.<\/p>\n<p>Mit diesem Preis werden herausragende Leistungen zur F\u00f6rderung des Schachs als Kultur- und Bildungsgut gew\u00fcrdigt. Beide Vorgaben erf\u00fcllt <strong>\u201eFaszination Schach\u201c<\/strong> in besonderer Weise.<\/p>\n<p>Im Anhang finden Sie das detaillierte Programm zu den Schachtagen im <strong>HOFGARTEN Solingen<\/strong>.<\/p>\n<p>Wir w\u00fcrden uns freuen, Sie als G\u00e4ste begr\u00fc\u00dfen zu d\u00fcrfen und wenn Sie die Veranstaltung publik machen.<\/p>\n<p>Faszination Schach, Sebastian Siebrecht, +49- (0)179-5241835<\/p>\n<p><a href=\"https:\/\/www.faszinationschach.de\">https:\/\/www.faszinationschach.de<\/a>; <a href=\"https:\/\/www.facebook.com\/sebastian.siebrecht\">https:\/\/www.facebook.com\/sebastian.siebrecht<\/a><\/p>\n\n\n<div data-wp-interactive=\"core\/file\" class=\"wp-block-file\"><object data-wp-bind--hidden=\"!state.hasPdfPreview\" hidden class=\"wp-block-file__embed\" data=\"https:\/\/schach-in-nrw.de\/wp-content\/uploads\/2023\/09\/Faszination-Schach-HGS-Solingen-13.-16.9.23-Programm.pdf\" type=\"application\/pdf\" style=\"width:100%;height:600px\" aria-label=\"Einbettung von Faszination-Schach-HGS-Solingen-13.-16.9.23-Programm.\"><\/object><a id=\"wp-block-file--media-cc59cde6-4c0d-46ea-a23c-508f8fd91fa6\" href=\"https:\/\/schach-in-nrw.de\/wp-content\/uploads\/2023\/09\/Faszination-Schach-HGS-Solingen-13.-16.9.23-Programm.pdf\">Faszination-Schach-HGS-Solingen-13.-16.9.23-Programm<\/a><a href=\"https:\/\/schach-in-nrw.de\/wp-content\/uploads\/2023\/09\/Faszination-Schach-HGS-Solingen-13.-16.9.23-Programm.pdf\" class=\"wp-block-file__button wp-element-button\" download aria-describedby=\"wp-block-file--media-cc59cde6-4c0d-46ea-a23c-508f8fd91fa6\">Herunterladen<\/a><\/div>\n","protected":false},"excerpt":{"rendered":"<p>Bereits \u00fcber 90.000 Kinder kamen, um die \u201eFaszination Schach\u201c von Gro\u00dfmeister Sebastian Siebrecht als Erlebnisschachprogramm zu rocken. Spiel, Spa\u00df und Begeisterung pur! Oberb\u00fcrgermeister Tim Kurzbach hat die Schirmherrschaft \u00fcbernommen. Die Stadtspitze wird durch B\u00fcrgermeister Thilo Schnor vertreten, der zusammen mit Centermanager Ralf Lindl, sowie den ersten Schulklassen den Er\u00f6ffnungszug am Mittwoch, den 13. September 2023 [&hellip;]<\/p>\n","protected":false},"author":1,"featured_media":0,"comment_status":"closed","ping_status":"0","sticky":false,"template":"","format":"standard","meta":{"footnotes":""},"categories":[9],"tags":[],"class_list":["post-1745","post","type-post","status-publish","format-standard","hentry","category-mitteilungen"],"_links":{"self":[{"href":"https:\/\/schach-in-nrw.de\/index.php?rest_route=\/wp\/v2\/posts\/1745","targetHints":{"allow":["GET"]}}],"collection":[{"href":"https:\/\/schach-in-nrw.de\/index.php?rest_route=\/wp\/v2\/posts"}],"about":[{"href":"https:\/\/schach-in-nrw.de\/index.php?rest_route=\/wp\/v2\/types\/post"}],"author":[{"embeddable":true,"href":"https:\/\/schach-in-nrw.de\/index.php?rest_route=\/wp\/v2\/users\/1"}],"replies":[{"embeddable":true,"href":"https:\/\/schach-in-nrw.de\/index.php?rest_route=%2Fwp%2Fv2%2Fcomments&post=1745"}],"version-history":[{"count":3,"href":"https:\/\/schach-in-nrw.de\/index.php?rest_route=\/wp\/v2\/posts\/1745\/revisions"}],"predecessor-version":[{"id":1750,"href":"https:\/\/schach-in-nrw.de\/index.php?rest_route=\/wp\/v2\/posts\/1745\/revisions\/1750"}],"wp:attachment":[{"href":"https:\/\/schach-in-nrw.de\/index.php?rest_route=%2Fwp%2Fv2%2Fmedia&parent=1745"}],"wp:term":[{"taxonomy":"category","embeddable":true,"href":"https:\/\/schach-in-nrw.de\/index.php?rest_route=%2Fwp%2Fv2%2Fcategories&post=1745"},{"taxonomy":"post_tag","embeddable":true,"href":"https:\/\/schach-in-nrw.de\/index.php?rest_route=%2Fwp%2Fv2%2Ftags&post=1745"}],"curies":[{"name":"wp","href":"https:\/\/api.w.org\/{rel}","templated":true}]}}