{"id":2628,"date":"2025-03-25T05:24:32","date_gmt":"2025-03-25T05:24:32","guid":{"rendered":"https:\/\/schach-in-nrw.de\/?p=2628"},"modified":"2025-03-26T05:50:13","modified_gmt":"2025-03-26T05:50:13","slug":"trauer-um-georg-niestroj","status":"publish","type":"post","link":"https:\/\/schach-in-nrw.de\/?p=2628","title":{"rendered":"TRAUER UM GRORG NIESTROJ"},"content":{"rendered":"\n<p>Mit gro\u00dfer Trauer nehmen wir Abschied von Georg Niestroj, der am 24.03.2025 an seinem 92. Geburtstag von uns gegangen ist.<\/p>\n\n\n\n<p>Georg trat am 1. Juli 1947 in unseren Verein, die SG B\u00fcnde 1945, ein. Sein unerm\u00fcdliches Engagement hat die Schachwelt und unseren Verein nachhaltig gepr\u00e4gt.<\/p>\n\n\n\n<p>Besonders hervorzuheben ist Georgs Beitrag zum Problem-Schach: Er ver\u00f6ffentlichte \u00fcber 800 Kompositionen, unter anderem in der Washington Post und der Welt. Die Neue Welt w\u00fcrdigte ihn als \u201eau\u00dfergew\u00f6hnlichen Komponisten\u201c. Georg selbst fasste seine Leidenschaft f\u00fcr das Schachspiel so zusammen: \u201eDie Sch\u00f6nheit des Schachspiels und die unendlichen M\u00f6glichkeiten faszinieren\u201c.<\/p>\n\n\n\n<p>Unser tiefstes Mitgef\u00fchl gilt seiner Familie und seinen Freunden in dieser schweren Zeit.<br><br>Weitere Informationen <a href=\"https:\/\/www.sg-buende1945.de\/trauer-um-georg-niestroj\">https:\/\/www.sg-buende1945.de\/trauer-um-georg-niestroj<\/a><\/p>\n","protected":false},"excerpt":{"rendered":"<p>Mit gro\u00dfer Trauer nehmen wir Abschied von Georg Niestroj, der am 24.03.2025 an seinem 92. Geburtstag von uns gegangen ist. Georg trat am 1. Juli 1947 in unseren Verein, die SG B\u00fcnde 1945, ein. Sein unerm\u00fcdliches Engagement hat die Schachwelt und unseren Verein nachhaltig gepr\u00e4gt. Besonders hervorzuheben ist Georgs Beitrag zum Problem-Schach: Er ver\u00f6ffentlichte \u00fcber [&hellip;]<\/p>\n","protected":false},"author":1,"featured_media":0,"comment_status":"closed","ping_status":"0","sticky":false,"template":"","format":"standard","meta":{"footnotes":""},"categories":[9],"tags":[],"class_list":["post-2628","post","type-post","status-publish","format-standard","hentry","category-mitteilungen"],"_links":{"self":[{"href":"https:\/\/schach-in-nrw.de\/index.php?rest_route=\/wp\/v2\/posts\/2628","targetHints":{"allow":["GET"]}}],"collection":[{"href":"https:\/\/schach-in-nrw.de\/index.php?rest_route=\/wp\/v2\/posts"}],"about":[{"href":"https:\/\/schach-in-nrw.de\/index.php?rest_route=\/wp\/v2\/types\/post"}],"author":[{"embeddable":true,"href":"https:\/\/schach-in-nrw.de\/index.php?rest_route=\/wp\/v2\/users\/1"}],"replies":[{"embeddable":true,"href":"https:\/\/schach-in-nrw.de\/index.php?rest_route=%2Fwp%2Fv2%2Fcomments&post=2628"}],"version-history":[{"count":4,"href":"https:\/\/schach-in-nrw.de\/index.php?rest_route=\/wp\/v2\/posts\/2628\/revisions"}],"predecessor-version":[{"id":2678,"href":"https:\/\/schach-in-nrw.de\/index.php?rest_route=\/wp\/v2\/posts\/2628\/revisions\/2678"}],"wp:attachment":[{"href":"https:\/\/schach-in-nrw.de\/index.php?rest_route=%2Fwp%2Fv2%2Fmedia&parent=2628"}],"wp:term":[{"taxonomy":"category","embeddable":true,"href":"https:\/\/schach-in-nrw.de\/index.php?rest_route=%2Fwp%2Fv2%2Fcategories&post=2628"},{"taxonomy":"post_tag","embeddable":true,"href":"https:\/\/schach-in-nrw.de\/index.php?rest_route=%2Fwp%2Fv2%2Ftags&post=2628"}],"curies":[{"name":"wp","href":"https:\/\/api.w.org\/{rel}","templated":true}]}}