{"id":3106,"date":"2026-03-13T18:06:54","date_gmt":"2026-03-13T18:06:54","guid":{"rendered":"https:\/\/schach-in-nrw.de\/?p=3106"},"modified":"2026-04-20T17:27:08","modified_gmt":"2026-04-20T17:27:08","slug":"phillip-junk-gewinnt-im-einzeklpokal-des-schachbudnes-nrw","status":"publish","type":"post","link":"https:\/\/schach-in-nrw.de\/?p=3106","title":{"rendered":"PHILLIP JUNK GEWINNT IM EINZEKLPOKAL DES SCHACHBUNDES NRW"},"content":{"rendered":"\n<p><em>Dr. Andreas Junk <\/em>&#8211; Der Einzelpokalsieger kommt in diesem Jahr aus einem der kleineren Verb\u00e4nde des Schachbundes NRW, da Phillip Junk vom SK 1932 M\u00fcnster (SV M\u00fcnsterland) auch den noch verbliebenen Teilnehmer des Ruhrgebietes, Lando Korten von den Schachfreunden Brackel besiegen konnte. Zuvor hatte sich Korten gegen den Niederrheinverteter Thomas Labb\u00e9 aus M\u00f6nchengladbach durchgesetzt, w\u00e4hrend Junk einen weiteren Brackeler Schachfreund, Soel Kartsev, ausschalten konnte.<\/p>\n\n\n\n<p>Das zur Nachr\u00fcckerermittlung angesetzte Spiel um Platz 3 wurde faktisch nicht ausgetragen, da Thomas Labb\u00e9 seinen Verzicht auf ein kleines Finale erkl\u00e4rte. Somit ist Soel Kartsev in diesem Jahr Drittplatzierter.<\/p>\n\n\n\n<p>Im gro\u00dfen Finale nutzte Junk den Vorteil der wei\u00dfen Steine bei seinem zweiten Gastspiel im Ruhrgebiet und sicherte sich seinen ersten Titel auf NRW-Ebene. Sowohl Korten als auch Junk waren durch die Finalteilnehme bereits qualifiziert f\u00fcr die Deutsche Pokaleinzelmeisterschaft in Dresden, die w\u00e4hrend des Schachgipfels parallel zum Finale der DSAM stattfinden wird. (N\u00e4here Informationen sind zu finden auf <a href=\"https:\/\/www.schachgipfel.de\/\">https:\/\/www.schachgipfel.de<\/a>.<\/p>\n","protected":false},"excerpt":{"rendered":"<p>Dr. Andreas Junk &#8211; Der Einzelpokalsieger kommt in diesem Jahr aus einem der kleineren Verb\u00e4nde des Schachbundes NRW, da Phillip Junk vom SK 1932 M\u00fcnster (SV M\u00fcnsterland) auch den noch verbliebenen Teilnehmer des Ruhrgebietes, Lando Korten von den Schachfreunden Brackel besiegen konnte. Zuvor hatte sich Korten gegen den Niederrheinverteter Thomas Labb\u00e9 aus M\u00f6nchengladbach durchgesetzt, w\u00e4hrend [&hellip;]<\/p>\n","protected":false},"author":1,"featured_media":0,"comment_status":"closed","ping_status":"0","sticky":false,"template":"","format":"standard","meta":{"footnotes":""},"categories":[10,13],"tags":[],"class_list":["post-3106","post","type-post","status-publish","format-standard","hentry","category-schachsport","category-turniere"],"_links":{"self":[{"href":"https:\/\/schach-in-nrw.de\/index.php?rest_route=\/wp\/v2\/posts\/3106","targetHints":{"allow":["GET"]}}],"collection":[{"href":"https:\/\/schach-in-nrw.de\/index.php?rest_route=\/wp\/v2\/posts"}],"about":[{"href":"https:\/\/schach-in-nrw.de\/index.php?rest_route=\/wp\/v2\/types\/post"}],"author":[{"embeddable":true,"href":"https:\/\/schach-in-nrw.de\/index.php?rest_route=\/wp\/v2\/users\/1"}],"replies":[{"embeddable":true,"href":"https:\/\/schach-in-nrw.de\/index.php?rest_route=%2Fwp%2Fv2%2Fcomments&post=3106"}],"version-history":[{"count":2,"href":"https:\/\/schach-in-nrw.de\/index.php?rest_route=\/wp\/v2\/posts\/3106\/revisions"}],"predecessor-version":[{"id":3178,"href":"https:\/\/schach-in-nrw.de\/index.php?rest_route=\/wp\/v2\/posts\/3106\/revisions\/3178"}],"wp:attachment":[{"href":"https:\/\/schach-in-nrw.de\/index.php?rest_route=%2Fwp%2Fv2%2Fmedia&parent=3106"}],"wp:term":[{"taxonomy":"category","embeddable":true,"href":"https:\/\/schach-in-nrw.de\/index.php?rest_route=%2Fwp%2Fv2%2Fcategories&post=3106"},{"taxonomy":"post_tag","embeddable":true,"href":"https:\/\/schach-in-nrw.de\/index.php?rest_route=%2Fwp%2Fv2%2Ftags&post=3106"}],"curies":[{"name":"wp","href":"https:\/\/api.w.org\/{rel}","templated":true}]}}